{"id":313,"date":"2021-01-15T22:17:00","date_gmt":"2021-01-16T01:17:00","guid":{"rendered":"http:\/\/homolog.abrilhantarconteudo.com.br\/corner\/?p=313"},"modified":"2022-02-14T22:22:24","modified_gmt":"2022-02-15T01:22:24","slug":"equipamentos-de-protecao-de-energia","status":"publish","type":"post","link":"https:\/\/homolog.abrilhantarconteudo.com.br\/corner\/2021\/01\/15\/equipamentos-de-protecao-de-energia\/","title":{"rendered":"Equipamentos de prote\u00e7\u00e3o de energia"},"content":{"rendered":"\n<p>O que \u00e9 mais preocupante em um hospital: falta de energia por horas ou por segundos?\u00a0<\/p>\n\n\n\n<p>A maioria, talvez, afirme que, no ambiente hospitalar, os eventos de interrup\u00e7\u00e3o de energia de longa dura\u00e7\u00e3o s\u00e3o mais prejudiciais, visto que comprometem todo o funcionamento das instala\u00e7\u00f5es. Mas o que dizer da instabilidade moment\u00e2nea de energia, que provoca a queima de equipamentos?&nbsp; A verdade \u00e9 que cada um desses eventos gera seus pr\u00f3prios e incalcul\u00e1veis preju\u00edzos.&nbsp;<\/p>\n\n\n\n<p>Isso quer dizer que n\u00e3o adianta apenas ter um gerador que suporte horas de blackout, visto que n\u00e3o tem estrutura para atuar quando a luz \u201cpisca\u201d. Assim como n\u00e3o se pode ter somente backups de substitui\u00e7\u00e3o instant\u00e2nea, j\u00e1 que a durabilidade da energia reserva destes geralmente \u00e9 curta. Ou seja: edifica\u00e7\u00f5es hospitalares precisam contar com prote\u00e7\u00e3o de energia para ambos os casos!<\/p>\n\n\n\n<p>Assim, para epis\u00f3dios prolongados de falta de energia, \u00e9 fundamental dispor de uma rede interna de geradores com conex\u00f5es com a rede el\u00e9trica. E, para situa\u00e7\u00f5es de dist\u00farbios el\u00e9tricos e breves quedas de energia, conv\u00e9m se valer de solu\u00e7\u00f5es como nobreaks combinados com flywheel, que costumam suportar potentemente interrup\u00e7\u00f5es de 15 a 30 segundos, aproximadamente. Dessa forma, \u00e9 poss\u00edvel manter a continuidade dos atendimentos aos pacientes com seguran\u00e7a e evitar preju\u00edzos patrimoniais \u00e0 institui\u00e7\u00e3o.<\/p>\n","protected":false},"excerpt":{"rendered":"<p>O que \u00e9 mais preocupante em um hospital: falta de energia por horas ou por segundos?\u00a0 A maioria, talvez, afirme que, no ambiente hospitalar, os eventos de interrup\u00e7\u00e3o de energia de longa dura\u00e7\u00e3o s\u00e3o mais prejudiciais, visto que comprometem todo o funcionamento das instala\u00e7\u00f5es. Mas o que dizer da instabilidade moment\u00e2nea de energia, que provoca [&hellip;]<\/p>\n","protected":false},"author":1,"featured_media":0,"comment_status":"open","ping_status":"open","sticky":false,"template":"","format":"standard","meta":{"footnotes":""},"categories":[1],"tags":[],"yoast_head":"<!-- This site is optimized with the Yoast SEO plugin v24.5 - https:\/\/yoast.com\/wordpress\/plugins\/seo\/ -->\n<title>Equipamentos de prote\u00e7\u00e3o de energia - Corner Energia<\/title>\n<meta name=\"robots\" content=\"index, follow, max-snippet:-1, max-image-preview:large, max-video-preview:-1\" \/>\n<link rel=\"canonical\" href=\"https:\/\/homolog.abrilhantarconteudo.com.br\/corner\/2021\/01\/15\/equipamentos-de-protecao-de-energia\/\" \/>\n<meta property=\"og:locale\" content=\"pt_BR\" \/>\n<meta property=\"og:type\" content=\"article\" \/>\n<meta property=\"og:title\" content=\"Equipamentos de prote\u00e7\u00e3o de energia - Corner Energia\" \/>\n<meta property=\"og:description\" content=\"O que \u00e9 mais preocupante em um hospital: falta de energia por horas ou por segundos?\u00a0 A maioria, talvez, afirme que, no ambiente hospitalar, os eventos de interrup\u00e7\u00e3o de energia de longa dura\u00e7\u00e3o s\u00e3o mais prejudiciais, visto que comprometem todo o funcionamento das instala\u00e7\u00f5es. Mas o que dizer da instabilidade moment\u00e2nea de energia, que provoca [&hellip;]\" \/>\n<meta property=\"og:url\" content=\"https:\/\/homolog.abrilhantarconteudo.com.br\/corner\/2021\/01\/15\/equipamentos-de-protecao-de-energia\/\" \/>\n<meta property=\"og:site_name\" content=\"Corner Energia\" \/>\n<meta property=\"article:published_time\" content=\"2021-01-16T01:17:00+00:00\" \/>\n<meta property=\"article:modified_time\" content=\"2022-02-15T01:22:24+00:00\" \/>\n<meta name=\"author\" content=\"Joana Kerr\" \/>\n<meta name=\"twitter:card\" content=\"summary_large_image\" \/>\n<meta name=\"twitter:label1\" content=\"Escrito por\" \/>\n\t<meta name=\"twitter:data1\" content=\"Joana Kerr\" \/>\n\t<meta name=\"twitter:label2\" content=\"Est. tempo de leitura\" \/>\n\t<meta name=\"twitter:data2\" content=\"2 minutos\" \/>\n<script type=\"application\/ld+json\" class=\"yoast-schema-graph\">{\"@context\":\"https:\/\/schema.org\",\"@graph\":[{\"@type\":\"Article\",\"@id\":\"https:\/\/homolog.abrilhantarconteudo.com.br\/corner\/2021\/01\/15\/equipamentos-de-protecao-de-energia\/#article\",\"isPartOf\":{\"@id\":\"https:\/\/homolog.abrilhantarconteudo.com.br\/corner\/2021\/01\/15\/equipamentos-de-protecao-de-energia\/\"},\"author\":{\"name\":\"Joana Kerr\",\"@id\":\"https:\/\/homolog.abrilhantarconteudo.com.br\/corner\/#\/schema\/person\/f403fb6272dce12939d29b85d6c86926\"},\"headline\":\"Equipamentos de prote\u00e7\u00e3o de energia\",\"datePublished\":\"2021-01-16T01:17:00+00:00\",\"dateModified\":\"2022-02-15T01:22:24+00:00\",\"mainEntityOfPage\":{\"@id\":\"https:\/\/homolog.abrilhantarconteudo.com.br\/corner\/2021\/01\/15\/equipamentos-de-protecao-de-energia\/\"},\"wordCount\":237,\"commentCount\":0,\"publisher\":{\"@id\":\"https:\/\/homolog.abrilhantarconteudo.com.br\/corner\/#organization\"},\"inLanguage\":\"pt-BR\",\"potentialAction\":[{\"@type\":\"CommentAction\",\"name\":\"Comment\",\"target\":[\"https:\/\/homolog.abrilhantarconteudo.com.br\/corner\/2021\/01\/15\/equipamentos-de-protecao-de-energia\/#respond\"]}]},{\"@type\":\"WebPage\",\"@id\":\"https:\/\/homolog.abrilhantarconteudo.com.br\/corner\/2021\/01\/15\/equipamentos-de-protecao-de-energia\/\",\"url\":\"https:\/\/homolog.abrilhantarconteudo.com.br\/corner\/2021\/01\/15\/equipamentos-de-protecao-de-energia\/\",\"name\":\"Equipamentos de prote\u00e7\u00e3o de energia - Corner Energia\",\"isPartOf\":{\"@id\":\"https:\/\/homolog.abrilhantarconteudo.com.br\/corner\/#website\"},\"datePublished\":\"2021-01-16T01:17:00+00:00\",\"dateModified\":\"2022-02-15T01:22:24+00:00\",\"breadcrumb\":{\"@id\":\"https:\/\/homolog.abrilhantarconteudo.com.br\/corner\/2021\/01\/15\/equipamentos-de-protecao-de-energia\/#breadcrumb\"},\"inLanguage\":\"pt-BR\",\"potentialAction\":[{\"@type\":\"ReadAction\",\"target\":[\"https:\/\/homolog.abrilhantarconteudo.com.br\/corner\/2021\/01\/15\/equipamentos-de-protecao-de-energia\/\"]}]},{\"@type\":\"BreadcrumbList\",\"@id\":\"https:\/\/homolog.abrilhantarconteudo.com.br\/corner\/2021\/01\/15\/equipamentos-de-protecao-de-energia\/#breadcrumb\",\"itemListElement\":[{\"@type\":\"ListItem\",\"position\":1,\"name\":\"In\u00edcio\",\"item\":\"https:\/\/homolog.abrilhantarconteudo.com.br\/corner\/\"},{\"@type\":\"ListItem\",\"position\":2,\"name\":\"Equipamentos de prote\u00e7\u00e3o de energia\"}]},{\"@type\":\"WebSite\",\"@id\":\"https:\/\/homolog.abrilhantarconteudo.com.br\/corner\/#website\",\"url\":\"https:\/\/homolog.abrilhantarconteudo.com.br\/corner\/\",\"name\":\"Corner Energia\",\"description\":\"S\u00f3 mais um site WordPress\",\"publisher\":{\"@id\":\"https:\/\/homolog.abrilhantarconteudo.com.br\/corner\/#organization\"},\"potentialAction\":[{\"@type\":\"SearchAction\",\"target\":{\"@type\":\"EntryPoint\",\"urlTemplate\":\"https:\/\/homolog.abrilhantarconteudo.com.br\/corner\/?s={search_term_string}\"},\"query-input\":{\"@type\":\"PropertyValueSpecification\",\"valueRequired\":true,\"valueName\":\"search_term_string\"}}],\"inLanguage\":\"pt-BR\"},{\"@type\":\"Organization\",\"@id\":\"https:\/\/homolog.abrilhantarconteudo.com.br\/corner\/#organization\",\"name\":\"Corner Energia\",\"url\":\"https:\/\/homolog.abrilhantarconteudo.com.br\/corner\/\",\"logo\":{\"@type\":\"ImageObject\",\"inLanguage\":\"pt-BR\",\"@id\":\"https:\/\/homolog.abrilhantarconteudo.com.br\/corner\/#\/schema\/logo\/image\/\",\"url\":\"https:\/\/homolog.abrilhantarconteudo.com.br\/corner\/wp-content\/uploads\/2022\/03\/cropped-LOGO-CORNER-ENERGIA.png\",\"contentUrl\":\"https:\/\/homolog.abrilhantarconteudo.com.br\/corner\/wp-content\/uploads\/2022\/03\/cropped-LOGO-CORNER-ENERGIA.png\",\"width\":4721,\"height\":1539,\"caption\":\"Corner Energia\"},\"image\":{\"@id\":\"https:\/\/homolog.abrilhantarconteudo.com.br\/corner\/#\/schema\/logo\/image\/\"}},{\"@type\":\"Person\",\"@id\":\"https:\/\/homolog.abrilhantarconteudo.com.br\/corner\/#\/schema\/person\/f403fb6272dce12939d29b85d6c86926\",\"name\":\"Joana Kerr\",\"image\":{\"@type\":\"ImageObject\",\"inLanguage\":\"pt-BR\",\"@id\":\"https:\/\/homolog.abrilhantarconteudo.com.br\/corner\/#\/schema\/person\/image\/\",\"url\":\"https:\/\/secure.gravatar.com\/avatar\/b4a526375fb3cb2493fccd42d0f119ac?s=96&d=mm&r=g\",\"contentUrl\":\"https:\/\/secure.gravatar.com\/avatar\/b4a526375fb3cb2493fccd42d0f119ac?s=96&d=mm&r=g\",\"caption\":\"Joana Kerr\"},\"sameAs\":[\"http:\/\/homolog.abrilhantarconteudo.com.br\/corner\"],\"url\":\"https:\/\/homolog.abrilhantarconteudo.com.br\/corner\/author\/joanakerr\/\"}]}<\/script>\n<!-- \/ Yoast SEO plugin. -->","yoast_head_json":{"title":"Equipamentos de prote\u00e7\u00e3o de energia - Corner Energia","robots":{"index":"index","follow":"follow","max-snippet":"max-snippet:-1","max-image-preview":"max-image-preview:large","max-video-preview":"max-video-preview:-1"},"canonical":"https:\/\/homolog.abrilhantarconteudo.com.br\/corner\/2021\/01\/15\/equipamentos-de-protecao-de-energia\/","og_locale":"pt_BR","og_type":"article","og_title":"Equipamentos de prote\u00e7\u00e3o de energia - Corner Energia","og_description":"O que \u00e9 mais preocupante em um hospital: falta de energia por horas ou por segundos?\u00a0 A maioria, talvez, afirme que, no ambiente hospitalar, os eventos de interrup\u00e7\u00e3o de energia de longa dura\u00e7\u00e3o s\u00e3o mais prejudiciais, visto que comprometem todo o funcionamento das instala\u00e7\u00f5es. Mas o que dizer da instabilidade moment\u00e2nea de energia, que provoca [&hellip;]","og_url":"https:\/\/homolog.abrilhantarconteudo.com.br\/corner\/2021\/01\/15\/equipamentos-de-protecao-de-energia\/","og_site_name":"Corner Energia","article_published_time":"2021-01-16T01:17:00+00:00","article_modified_time":"2022-02-15T01:22:24+00:00","author":"Joana Kerr","twitter_card":"summary_large_image","twitter_misc":{"Escrito por":"Joana Kerr","Est. tempo de leitura":"2 minutos"},"schema":{"@context":"https:\/\/schema.org","@graph":[{"@type":"Article","@id":"https:\/\/homolog.abrilhantarconteudo.com.br\/corner\/2021\/01\/15\/equipamentos-de-protecao-de-energia\/#article","isPartOf":{"@id":"https:\/\/homolog.abrilhantarconteudo.com.br\/corner\/2021\/01\/15\/equipamentos-de-protecao-de-energia\/"},"author":{"name":"Joana Kerr","@id":"https:\/\/homolog.abrilhantarconteudo.com.br\/corner\/#\/schema\/person\/f403fb6272dce12939d29b85d6c86926"},"headline":"Equipamentos de prote\u00e7\u00e3o de energia","datePublished":"2021-01-16T01:17:00+00:00","dateModified":"2022-02-15T01:22:24+00:00","mainEntityOfPage":{"@id":"https:\/\/homolog.abrilhantarconteudo.com.br\/corner\/2021\/01\/15\/equipamentos-de-protecao-de-energia\/"},"wordCount":237,"commentCount":0,"publisher":{"@id":"https:\/\/homolog.abrilhantarconteudo.com.br\/corner\/#organization"},"inLanguage":"pt-BR","potentialAction":[{"@type":"CommentAction","name":"Comment","target":["https:\/\/homolog.abrilhantarconteudo.com.br\/corner\/2021\/01\/15\/equipamentos-de-protecao-de-energia\/#respond"]}]},{"@type":"WebPage","@id":"https:\/\/homolog.abrilhantarconteudo.com.br\/corner\/2021\/01\/15\/equipamentos-de-protecao-de-energia\/","url":"https:\/\/homolog.abrilhantarconteudo.com.br\/corner\/2021\/01\/15\/equipamentos-de-protecao-de-energia\/","name":"Equipamentos de prote\u00e7\u00e3o de energia - Corner Energia","isPartOf":{"@id":"https:\/\/homolog.abrilhantarconteudo.com.br\/corner\/#website"},"datePublished":"2021-01-16T01:17:00+00:00","dateModified":"2022-02-15T01:22:24+00:00","breadcrumb":{"@id":"https:\/\/homolog.abrilhantarconteudo.com.br\/corner\/2021\/01\/15\/equipamentos-de-protecao-de-energia\/#breadcrumb"},"inLanguage":"pt-BR","potentialAction":[{"@type":"ReadAction","target":["https:\/\/homolog.abrilhantarconteudo.com.br\/corner\/2021\/01\/15\/equipamentos-de-protecao-de-energia\/"]}]},{"@type":"BreadcrumbList","@id":"https:\/\/homolog.abrilhantarconteudo.com.br\/corner\/2021\/01\/15\/equipamentos-de-protecao-de-energia\/#breadcrumb","itemListElement":[{"@type":"ListItem","position":1,"name":"In\u00edcio","item":"https:\/\/homolog.abrilhantarconteudo.com.br\/corner\/"},{"@type":"ListItem","position":2,"name":"Equipamentos de prote\u00e7\u00e3o de energia"}]},{"@type":"WebSite","@id":"https:\/\/homolog.abrilhantarconteudo.com.br\/corner\/#website","url":"https:\/\/homolog.abrilhantarconteudo.com.br\/corner\/","name":"Corner Energia","description":"S\u00f3 mais um site WordPress","publisher":{"@id":"https:\/\/homolog.abrilhantarconteudo.com.br\/corner\/#organization"},"potentialAction":[{"@type":"SearchAction","target":{"@type":"EntryPoint","urlTemplate":"https:\/\/homolog.abrilhantarconteudo.com.br\/corner\/?s={search_term_string}"},"query-input":{"@type":"PropertyValueSpecification","valueRequired":true,"valueName":"search_term_string"}}],"inLanguage":"pt-BR"},{"@type":"Organization","@id":"https:\/\/homolog.abrilhantarconteudo.com.br\/corner\/#organization","name":"Corner Energia","url":"https:\/\/homolog.abrilhantarconteudo.com.br\/corner\/","logo":{"@type":"ImageObject","inLanguage":"pt-BR","@id":"https:\/\/homolog.abrilhantarconteudo.com.br\/corner\/#\/schema\/logo\/image\/","url":"https:\/\/homolog.abrilhantarconteudo.com.br\/corner\/wp-content\/uploads\/2022\/03\/cropped-LOGO-CORNER-ENERGIA.png","contentUrl":"https:\/\/homolog.abrilhantarconteudo.com.br\/corner\/wp-content\/uploads\/2022\/03\/cropped-LOGO-CORNER-ENERGIA.png","width":4721,"height":1539,"caption":"Corner Energia"},"image":{"@id":"https:\/\/homolog.abrilhantarconteudo.com.br\/corner\/#\/schema\/logo\/image\/"}},{"@type":"Person","@id":"https:\/\/homolog.abrilhantarconteudo.com.br\/corner\/#\/schema\/person\/f403fb6272dce12939d29b85d6c86926","name":"Joana Kerr","image":{"@type":"ImageObject","inLanguage":"pt-BR","@id":"https:\/\/homolog.abrilhantarconteudo.com.br\/corner\/#\/schema\/person\/image\/","url":"https:\/\/secure.gravatar.com\/avatar\/b4a526375fb3cb2493fccd42d0f119ac?s=96&d=mm&r=g","contentUrl":"https:\/\/secure.gravatar.com\/avatar\/b4a526375fb3cb2493fccd42d0f119ac?s=96&d=mm&r=g","caption":"Joana Kerr"},"sameAs":["http:\/\/homolog.abrilhantarconteudo.com.br\/corner"],"url":"https:\/\/homolog.abrilhantarconteudo.com.br\/corner\/author\/joanakerr\/"}]}},"_links":{"self":[{"href":"https:\/\/homolog.abrilhantarconteudo.com.br\/corner\/wp-json\/wp\/v2\/posts\/313"}],"collection":[{"href":"https:\/\/homolog.abrilhantarconteudo.com.br\/corner\/wp-json\/wp\/v2\/posts"}],"about":[{"href":"https:\/\/homolog.abrilhantarconteudo.com.br\/corner\/wp-json\/wp\/v2\/types\/post"}],"author":[{"embeddable":true,"href":"https:\/\/homolog.abrilhantarconteudo.com.br\/corner\/wp-json\/wp\/v2\/users\/1"}],"replies":[{"embeddable":true,"href":"https:\/\/homolog.abrilhantarconteudo.com.br\/corner\/wp-json\/wp\/v2\/comments?post=313"}],"version-history":[{"count":1,"href":"https:\/\/homolog.abrilhantarconteudo.com.br\/corner\/wp-json\/wp\/v2\/posts\/313\/revisions"}],"predecessor-version":[{"id":315,"href":"https:\/\/homolog.abrilhantarconteudo.com.br\/corner\/wp-json\/wp\/v2\/posts\/313\/revisions\/315"}],"wp:attachment":[{"href":"https:\/\/homolog.abrilhantarconteudo.com.br\/corner\/wp-json\/wp\/v2\/media?parent=313"}],"wp:term":[{"taxonomy":"category","embeddable":true,"href":"https:\/\/homolog.abrilhantarconteudo.com.br\/corner\/wp-json\/wp\/v2\/categories?post=313"},{"taxonomy":"post_tag","embeddable":true,"href":"https:\/\/homolog.abrilhantarconteudo.com.br\/corner\/wp-json\/wp\/v2\/tags?post=313"}],"curies":[{"name":"wp","href":"https:\/\/api.w.org\/{rel}","templated":true}]}}