{"id":322,"date":"2021-04-15T22:41:00","date_gmt":"2021-04-16T01:41:00","guid":{"rendered":"http:\/\/homolog.abrilhantarconteudo.com.br\/corner\/?p=322"},"modified":"2022-02-14T22:55:00","modified_gmt":"2022-02-15T01:55:00","slug":"como-reduzir-gastos-com-energia-eletrica","status":"publish","type":"post","link":"https:\/\/homolog.abrilhantarconteudo.com.br\/corner\/2021\/04\/15\/como-reduzir-gastos-com-energia-eletrica\/","title":{"rendered":"Como reduzir gastos com energia el\u00e9trica?"},"content":{"rendered":"\n<p>A redu\u00e7\u00e3o de gastos com energia el\u00e9trica est\u00e1 intimamente ligada \u00e0 efici\u00eancia energ\u00e9tica. Em auditoria el\u00e9trica essa rela\u00e7\u00e3o fica bem vis\u00edvel, pois a an\u00e1lise das instala\u00e7\u00f5es el\u00e9tricas junto com a avalia\u00e7\u00e3o da conta de energia possibilitam a identifica\u00e7\u00e3o dos pontos que podem consumir menos energia.<\/p>\n\n\n\n<p>Um dos grandes consumidores de energia el\u00e9trica, por exemplo, \u00e9 o ar condicionado. Logo, fazer a manuten\u00e7\u00e3o da parte el\u00e9trica e melhorar a efici\u00eancia do sistema de ar condicionado da edifica\u00e7\u00e3o reduz consideravelmente o consumo de energia e os valores da conta. A aquisi\u00e7\u00e3o de equipamentos com motores mais eficiente tamb\u00e9m diminui bastante o gasto com energia.<\/p>\n\n\n\n<p>Al\u00e9m disso, existem medidas sustent\u00e1veis, como a troca de aquecedores el\u00e9tricos por aquecimento a g\u00e1s e o uso de energia solar, que s\u00e3o \u00f3timas alternativas para reduzir despesas!<\/p>\n\n\n\n<p>Ent\u00e3o, a melhor forma de gastar menos com energia el\u00e9trica \u00e9 aumentando a sua efici\u00eancia. Portanto, fa\u00e7a uma auditoria el\u00e9trica para saber quais s\u00e3o as oportunidades espec\u00edficas de melhorias em suas instala\u00e7\u00f5es e elimine os desperd\u00edcios!<\/p>\n","protected":false},"excerpt":{"rendered":"<p>A redu\u00e7\u00e3o de gastos com energia el\u00e9trica est\u00e1 intimamente ligada \u00e0 efici\u00eancia energ\u00e9tica. Em auditoria el\u00e9trica essa rela\u00e7\u00e3o fica bem vis\u00edvel, pois a an\u00e1lise das instala\u00e7\u00f5es el\u00e9tricas junto com a avalia\u00e7\u00e3o da conta de energia possibilitam a identifica\u00e7\u00e3o dos pontos que podem consumir menos energia. Um dos grandes consumidores de energia el\u00e9trica, por exemplo, \u00e9 [&hellip;]<\/p>\n","protected":false},"author":1,"featured_media":0,"comment_status":"open","ping_status":"open","sticky":false,"template":"","format":"standard","meta":{"footnotes":""},"categories":[1],"tags":[],"yoast_head":"<!-- This site is optimized with the Yoast SEO plugin v24.5 - https:\/\/yoast.com\/wordpress\/plugins\/seo\/ -->\n<title>Como reduzir gastos com energia el\u00e9trica? - Corner Energia<\/title>\n<meta name=\"robots\" content=\"index, follow, max-snippet:-1, max-image-preview:large, max-video-preview:-1\" \/>\n<link rel=\"canonical\" href=\"https:\/\/homolog.abrilhantarconteudo.com.br\/corner\/2021\/04\/15\/como-reduzir-gastos-com-energia-eletrica\/\" \/>\n<meta property=\"og:locale\" content=\"pt_BR\" \/>\n<meta property=\"og:type\" content=\"article\" \/>\n<meta property=\"og:title\" content=\"Como reduzir gastos com energia el\u00e9trica? - Corner Energia\" \/>\n<meta property=\"og:description\" content=\"A redu\u00e7\u00e3o de gastos com energia el\u00e9trica est\u00e1 intimamente ligada \u00e0 efici\u00eancia energ\u00e9tica. Em auditoria el\u00e9trica essa rela\u00e7\u00e3o fica bem vis\u00edvel, pois a an\u00e1lise das instala\u00e7\u00f5es el\u00e9tricas junto com a avalia\u00e7\u00e3o da conta de energia possibilitam a identifica\u00e7\u00e3o dos pontos que podem consumir menos energia. Um dos grandes consumidores de energia el\u00e9trica, por exemplo, \u00e9 [&hellip;]\" \/>\n<meta property=\"og:url\" content=\"https:\/\/homolog.abrilhantarconteudo.com.br\/corner\/2021\/04\/15\/como-reduzir-gastos-com-energia-eletrica\/\" \/>\n<meta property=\"og:site_name\" content=\"Corner Energia\" \/>\n<meta property=\"article:published_time\" content=\"2021-04-16T01:41:00+00:00\" \/>\n<meta property=\"article:modified_time\" content=\"2022-02-15T01:55:00+00:00\" \/>\n<meta name=\"author\" content=\"Joana Kerr\" \/>\n<meta name=\"twitter:card\" content=\"summary_large_image\" \/>\n<meta name=\"twitter:label1\" content=\"Escrito por\" \/>\n\t<meta name=\"twitter:data1\" content=\"Joana Kerr\" \/>\n\t<meta name=\"twitter:label2\" content=\"Est. tempo de leitura\" \/>\n\t<meta name=\"twitter:data2\" content=\"1 minuto\" \/>\n<script type=\"application\/ld+json\" class=\"yoast-schema-graph\">{\"@context\":\"https:\/\/schema.org\",\"@graph\":[{\"@type\":\"Article\",\"@id\":\"https:\/\/homolog.abrilhantarconteudo.com.br\/corner\/2021\/04\/15\/como-reduzir-gastos-com-energia-eletrica\/#article\",\"isPartOf\":{\"@id\":\"https:\/\/homolog.abrilhantarconteudo.com.br\/corner\/2021\/04\/15\/como-reduzir-gastos-com-energia-eletrica\/\"},\"author\":{\"name\":\"Joana Kerr\",\"@id\":\"https:\/\/homolog.abrilhantarconteudo.com.br\/corner\/#\/schema\/person\/f403fb6272dce12939d29b85d6c86926\"},\"headline\":\"Como reduzir gastos com energia el\u00e9trica?\",\"datePublished\":\"2021-04-16T01:41:00+00:00\",\"dateModified\":\"2022-02-15T01:55:00+00:00\",\"mainEntityOfPage\":{\"@id\":\"https:\/\/homolog.abrilhantarconteudo.com.br\/corner\/2021\/04\/15\/como-reduzir-gastos-com-energia-eletrica\/\"},\"wordCount\":203,\"commentCount\":0,\"publisher\":{\"@id\":\"https:\/\/homolog.abrilhantarconteudo.com.br\/corner\/#organization\"},\"inLanguage\":\"pt-BR\",\"potentialAction\":[{\"@type\":\"CommentAction\",\"name\":\"Comment\",\"target\":[\"https:\/\/homolog.abrilhantarconteudo.com.br\/corner\/2021\/04\/15\/como-reduzir-gastos-com-energia-eletrica\/#respond\"]}]},{\"@type\":\"WebPage\",\"@id\":\"https:\/\/homolog.abrilhantarconteudo.com.br\/corner\/2021\/04\/15\/como-reduzir-gastos-com-energia-eletrica\/\",\"url\":\"https:\/\/homolog.abrilhantarconteudo.com.br\/corner\/2021\/04\/15\/como-reduzir-gastos-com-energia-eletrica\/\",\"name\":\"Como reduzir gastos com energia el\u00e9trica? - Corner Energia\",\"isPartOf\":{\"@id\":\"https:\/\/homolog.abrilhantarconteudo.com.br\/corner\/#website\"},\"datePublished\":\"2021-04-16T01:41:00+00:00\",\"dateModified\":\"2022-02-15T01:55:00+00:00\",\"breadcrumb\":{\"@id\":\"https:\/\/homolog.abrilhantarconteudo.com.br\/corner\/2021\/04\/15\/como-reduzir-gastos-com-energia-eletrica\/#breadcrumb\"},\"inLanguage\":\"pt-BR\",\"potentialAction\":[{\"@type\":\"ReadAction\",\"target\":[\"https:\/\/homolog.abrilhantarconteudo.com.br\/corner\/2021\/04\/15\/como-reduzir-gastos-com-energia-eletrica\/\"]}]},{\"@type\":\"BreadcrumbList\",\"@id\":\"https:\/\/homolog.abrilhantarconteudo.com.br\/corner\/2021\/04\/15\/como-reduzir-gastos-com-energia-eletrica\/#breadcrumb\",\"itemListElement\":[{\"@type\":\"ListItem\",\"position\":1,\"name\":\"In\u00edcio\",\"item\":\"https:\/\/homolog.abrilhantarconteudo.com.br\/corner\/\"},{\"@type\":\"ListItem\",\"position\":2,\"name\":\"Como reduzir gastos com energia el\u00e9trica?\"}]},{\"@type\":\"WebSite\",\"@id\":\"https:\/\/homolog.abrilhantarconteudo.com.br\/corner\/#website\",\"url\":\"https:\/\/homolog.abrilhantarconteudo.com.br\/corner\/\",\"name\":\"Corner Energia\",\"description\":\"S\u00f3 mais um site WordPress\",\"publisher\":{\"@id\":\"https:\/\/homolog.abrilhantarconteudo.com.br\/corner\/#organization\"},\"potentialAction\":[{\"@type\":\"SearchAction\",\"target\":{\"@type\":\"EntryPoint\",\"urlTemplate\":\"https:\/\/homolog.abrilhantarconteudo.com.br\/corner\/?s={search_term_string}\"},\"query-input\":{\"@type\":\"PropertyValueSpecification\",\"valueRequired\":true,\"valueName\":\"search_term_string\"}}],\"inLanguage\":\"pt-BR\"},{\"@type\":\"Organization\",\"@id\":\"https:\/\/homolog.abrilhantarconteudo.com.br\/corner\/#organization\",\"name\":\"Corner Energia\",\"url\":\"https:\/\/homolog.abrilhantarconteudo.com.br\/corner\/\",\"logo\":{\"@type\":\"ImageObject\",\"inLanguage\":\"pt-BR\",\"@id\":\"https:\/\/homolog.abrilhantarconteudo.com.br\/corner\/#\/schema\/logo\/image\/\",\"url\":\"https:\/\/homolog.abrilhantarconteudo.com.br\/corner\/wp-content\/uploads\/2022\/03\/cropped-LOGO-CORNER-ENERGIA.png\",\"contentUrl\":\"https:\/\/homolog.abrilhantarconteudo.com.br\/corner\/wp-content\/uploads\/2022\/03\/cropped-LOGO-CORNER-ENERGIA.png\",\"width\":4721,\"height\":1539,\"caption\":\"Corner Energia\"},\"image\":{\"@id\":\"https:\/\/homolog.abrilhantarconteudo.com.br\/corner\/#\/schema\/logo\/image\/\"}},{\"@type\":\"Person\",\"@id\":\"https:\/\/homolog.abrilhantarconteudo.com.br\/corner\/#\/schema\/person\/f403fb6272dce12939d29b85d6c86926\",\"name\":\"Joana Kerr\",\"image\":{\"@type\":\"ImageObject\",\"inLanguage\":\"pt-BR\",\"@id\":\"https:\/\/homolog.abrilhantarconteudo.com.br\/corner\/#\/schema\/person\/image\/\",\"url\":\"https:\/\/secure.gravatar.com\/avatar\/b4a526375fb3cb2493fccd42d0f119ac?s=96&d=mm&r=g\",\"contentUrl\":\"https:\/\/secure.gravatar.com\/avatar\/b4a526375fb3cb2493fccd42d0f119ac?s=96&d=mm&r=g\",\"caption\":\"Joana Kerr\"},\"sameAs\":[\"http:\/\/homolog.abrilhantarconteudo.com.br\/corner\"],\"url\":\"https:\/\/homolog.abrilhantarconteudo.com.br\/corner\/author\/joanakerr\/\"}]}<\/script>\n<!-- \/ Yoast SEO plugin. -->","yoast_head_json":{"title":"Como reduzir gastos com energia el\u00e9trica? - Corner Energia","robots":{"index":"index","follow":"follow","max-snippet":"max-snippet:-1","max-image-preview":"max-image-preview:large","max-video-preview":"max-video-preview:-1"},"canonical":"https:\/\/homolog.abrilhantarconteudo.com.br\/corner\/2021\/04\/15\/como-reduzir-gastos-com-energia-eletrica\/","og_locale":"pt_BR","og_type":"article","og_title":"Como reduzir gastos com energia el\u00e9trica? - Corner Energia","og_description":"A redu\u00e7\u00e3o de gastos com energia el\u00e9trica est\u00e1 intimamente ligada \u00e0 efici\u00eancia energ\u00e9tica. Em auditoria el\u00e9trica essa rela\u00e7\u00e3o fica bem vis\u00edvel, pois a an\u00e1lise das instala\u00e7\u00f5es el\u00e9tricas junto com a avalia\u00e7\u00e3o da conta de energia possibilitam a identifica\u00e7\u00e3o dos pontos que podem consumir menos energia. Um dos grandes consumidores de energia el\u00e9trica, por exemplo, \u00e9 [&hellip;]","og_url":"https:\/\/homolog.abrilhantarconteudo.com.br\/corner\/2021\/04\/15\/como-reduzir-gastos-com-energia-eletrica\/","og_site_name":"Corner Energia","article_published_time":"2021-04-16T01:41:00+00:00","article_modified_time":"2022-02-15T01:55:00+00:00","author":"Joana Kerr","twitter_card":"summary_large_image","twitter_misc":{"Escrito por":"Joana Kerr","Est. tempo de leitura":"1 minuto"},"schema":{"@context":"https:\/\/schema.org","@graph":[{"@type":"Article","@id":"https:\/\/homolog.abrilhantarconteudo.com.br\/corner\/2021\/04\/15\/como-reduzir-gastos-com-energia-eletrica\/#article","isPartOf":{"@id":"https:\/\/homolog.abrilhantarconteudo.com.br\/corner\/2021\/04\/15\/como-reduzir-gastos-com-energia-eletrica\/"},"author":{"name":"Joana Kerr","@id":"https:\/\/homolog.abrilhantarconteudo.com.br\/corner\/#\/schema\/person\/f403fb6272dce12939d29b85d6c86926"},"headline":"Como reduzir gastos com energia el\u00e9trica?","datePublished":"2021-04-16T01:41:00+00:00","dateModified":"2022-02-15T01:55:00+00:00","mainEntityOfPage":{"@id":"https:\/\/homolog.abrilhantarconteudo.com.br\/corner\/2021\/04\/15\/como-reduzir-gastos-com-energia-eletrica\/"},"wordCount":203,"commentCount":0,"publisher":{"@id":"https:\/\/homolog.abrilhantarconteudo.com.br\/corner\/#organization"},"inLanguage":"pt-BR","potentialAction":[{"@type":"CommentAction","name":"Comment","target":["https:\/\/homolog.abrilhantarconteudo.com.br\/corner\/2021\/04\/15\/como-reduzir-gastos-com-energia-eletrica\/#respond"]}]},{"@type":"WebPage","@id":"https:\/\/homolog.abrilhantarconteudo.com.br\/corner\/2021\/04\/15\/como-reduzir-gastos-com-energia-eletrica\/","url":"https:\/\/homolog.abrilhantarconteudo.com.br\/corner\/2021\/04\/15\/como-reduzir-gastos-com-energia-eletrica\/","name":"Como reduzir gastos com energia el\u00e9trica? - Corner Energia","isPartOf":{"@id":"https:\/\/homolog.abrilhantarconteudo.com.br\/corner\/#website"},"datePublished":"2021-04-16T01:41:00+00:00","dateModified":"2022-02-15T01:55:00+00:00","breadcrumb":{"@id":"https:\/\/homolog.abrilhantarconteudo.com.br\/corner\/2021\/04\/15\/como-reduzir-gastos-com-energia-eletrica\/#breadcrumb"},"inLanguage":"pt-BR","potentialAction":[{"@type":"ReadAction","target":["https:\/\/homolog.abrilhantarconteudo.com.br\/corner\/2021\/04\/15\/como-reduzir-gastos-com-energia-eletrica\/"]}]},{"@type":"BreadcrumbList","@id":"https:\/\/homolog.abrilhantarconteudo.com.br\/corner\/2021\/04\/15\/como-reduzir-gastos-com-energia-eletrica\/#breadcrumb","itemListElement":[{"@type":"ListItem","position":1,"name":"In\u00edcio","item":"https:\/\/homolog.abrilhantarconteudo.com.br\/corner\/"},{"@type":"ListItem","position":2,"name":"Como reduzir gastos com energia el\u00e9trica?"}]},{"@type":"WebSite","@id":"https:\/\/homolog.abrilhantarconteudo.com.br\/corner\/#website","url":"https:\/\/homolog.abrilhantarconteudo.com.br\/corner\/","name":"Corner Energia","description":"S\u00f3 mais um site WordPress","publisher":{"@id":"https:\/\/homolog.abrilhantarconteudo.com.br\/corner\/#organization"},"potentialAction":[{"@type":"SearchAction","target":{"@type":"EntryPoint","urlTemplate":"https:\/\/homolog.abrilhantarconteudo.com.br\/corner\/?s={search_term_string}"},"query-input":{"@type":"PropertyValueSpecification","valueRequired":true,"valueName":"search_term_string"}}],"inLanguage":"pt-BR"},{"@type":"Organization","@id":"https:\/\/homolog.abrilhantarconteudo.com.br\/corner\/#organization","name":"Corner Energia","url":"https:\/\/homolog.abrilhantarconteudo.com.br\/corner\/","logo":{"@type":"ImageObject","inLanguage":"pt-BR","@id":"https:\/\/homolog.abrilhantarconteudo.com.br\/corner\/#\/schema\/logo\/image\/","url":"https:\/\/homolog.abrilhantarconteudo.com.br\/corner\/wp-content\/uploads\/2022\/03\/cropped-LOGO-CORNER-ENERGIA.png","contentUrl":"https:\/\/homolog.abrilhantarconteudo.com.br\/corner\/wp-content\/uploads\/2022\/03\/cropped-LOGO-CORNER-ENERGIA.png","width":4721,"height":1539,"caption":"Corner Energia"},"image":{"@id":"https:\/\/homolog.abrilhantarconteudo.com.br\/corner\/#\/schema\/logo\/image\/"}},{"@type":"Person","@id":"https:\/\/homolog.abrilhantarconteudo.com.br\/corner\/#\/schema\/person\/f403fb6272dce12939d29b85d6c86926","name":"Joana Kerr","image":{"@type":"ImageObject","inLanguage":"pt-BR","@id":"https:\/\/homolog.abrilhantarconteudo.com.br\/corner\/#\/schema\/person\/image\/","url":"https:\/\/secure.gravatar.com\/avatar\/b4a526375fb3cb2493fccd42d0f119ac?s=96&d=mm&r=g","contentUrl":"https:\/\/secure.gravatar.com\/avatar\/b4a526375fb3cb2493fccd42d0f119ac?s=96&d=mm&r=g","caption":"Joana Kerr"},"sameAs":["http:\/\/homolog.abrilhantarconteudo.com.br\/corner"],"url":"https:\/\/homolog.abrilhantarconteudo.com.br\/corner\/author\/joanakerr\/"}]}},"_links":{"self":[{"href":"https:\/\/homolog.abrilhantarconteudo.com.br\/corner\/wp-json\/wp\/v2\/posts\/322"}],"collection":[{"href":"https:\/\/homolog.abrilhantarconteudo.com.br\/corner\/wp-json\/wp\/v2\/posts"}],"about":[{"href":"https:\/\/homolog.abrilhantarconteudo.com.br\/corner\/wp-json\/wp\/v2\/types\/post"}],"author":[{"embeddable":true,"href":"https:\/\/homolog.abrilhantarconteudo.com.br\/corner\/wp-json\/wp\/v2\/users\/1"}],"replies":[{"embeddable":true,"href":"https:\/\/homolog.abrilhantarconteudo.com.br\/corner\/wp-json\/wp\/v2\/comments?post=322"}],"version-history":[{"count":1,"href":"https:\/\/homolog.abrilhantarconteudo.com.br\/corner\/wp-json\/wp\/v2\/posts\/322\/revisions"}],"predecessor-version":[{"id":323,"href":"https:\/\/homolog.abrilhantarconteudo.com.br\/corner\/wp-json\/wp\/v2\/posts\/322\/revisions\/323"}],"wp:attachment":[{"href":"https:\/\/homolog.abrilhantarconteudo.com.br\/corner\/wp-json\/wp\/v2\/media?parent=322"}],"wp:term":[{"taxonomy":"category","embeddable":true,"href":"https:\/\/homolog.abrilhantarconteudo.com.br\/corner\/wp-json\/wp\/v2\/categories?post=322"},{"taxonomy":"post_tag","embeddable":true,"href":"https:\/\/homolog.abrilhantarconteudo.com.br\/corner\/wp-json\/wp\/v2\/tags?post=322"}],"curies":[{"name":"wp","href":"https:\/\/api.w.org\/{rel}","templated":true}]}}