{"id":330,"date":"2021-06-15T23:06:00","date_gmt":"2021-06-16T02:06:00","guid":{"rendered":"http:\/\/homolog.abrilhantarconteudo.com.br\/corner\/?p=330"},"modified":"2022-02-14T23:08:30","modified_gmt":"2022-02-15T02:08:30","slug":"pane-eletrica-em-area-corporativa","status":"publish","type":"post","link":"https:\/\/homolog.abrilhantarconteudo.com.br\/corner\/2021\/06\/15\/pane-eletrica-em-area-corporativa\/","title":{"rendered":"Pane el\u00e9trica em \u00e1rea corporativa"},"content":{"rendered":"\n<p>Qual o tamanho do preju\u00edzo se uma pane el\u00e9trica queimar os equipamentos da empresa?<\/p>\n\n\n\n<p>Com o atual cen\u00e1rio econ\u00f4mico, decorrente da pandemia, muitas empresas est\u00e3o eliminando ou postergando a contrata\u00e7\u00e3o de servi\u00e7os internos na tentativa de reduzir despesas, e acabam pagando caro por isso. O fato \u00e9 que existem servi\u00e7os que s\u00e3o essenciais ao funcionamento do neg\u00f3cio, mas que, por terem car\u00e1ter preventivo, s\u00e3o deixados de lado.<\/p>\n\n\n\n<p>Enquanto o problema n\u00e3o &#8220;aparece&#8221;, cria-se uma falsa ideia de que est\u00e1 tudo bem. Mas ser\u00e1 poss\u00edvel, por exemplo, registrar os pedidos dos clientes e manter os controles de venda atualizados sem os equipamentos eletr\u00f4nicos do escrit\u00f3rio funcionando? Provavelmente n\u00e3o!<\/p>\n\n\n\n<p>Por\u00e9m, se uma pane el\u00e9trica queimar esses equipamentos \u00e9 o que vai acontecer! Algo que normalmente n\u00e3o se espera e que, infelizmente, \u00e9 comum, quando a manuten\u00e7\u00e3o preventiva da rede el\u00e9trica \u00e9 postergada. \u00c9 aquela situa\u00e7\u00e3o onde &#8220;o barato sai caro&#8221;, como diz o ditado popular. Por isso, n\u00e3o espere o pior acontecer: d\u00ea um passo \u00e0 frente do problema e proteja as instala\u00e7\u00f5es el\u00e9tricas da empresa atrav\u00e9s de uma manuten\u00e7\u00e3o preventiva!<\/p>\n","protected":false},"excerpt":{"rendered":"<p>Qual o tamanho do preju\u00edzo se uma pane el\u00e9trica queimar os equipamentos da empresa? Com o atual cen\u00e1rio econ\u00f4mico, decorrente da pandemia, muitas empresas est\u00e3o eliminando ou postergando a contrata\u00e7\u00e3o de servi\u00e7os internos na tentativa de reduzir despesas, e acabam pagando caro por isso. O fato \u00e9 que existem servi\u00e7os que s\u00e3o essenciais ao funcionamento [&hellip;]<\/p>\n","protected":false},"author":1,"featured_media":0,"comment_status":"open","ping_status":"open","sticky":false,"template":"","format":"standard","meta":{"footnotes":""},"categories":[1],"tags":[],"yoast_head":"<!-- This site is optimized with the Yoast SEO plugin v24.5 - https:\/\/yoast.com\/wordpress\/plugins\/seo\/ -->\n<title>Pane el\u00e9trica em \u00e1rea corporativa - Corner Energia<\/title>\n<meta name=\"robots\" content=\"index, follow, max-snippet:-1, max-image-preview:large, max-video-preview:-1\" \/>\n<link rel=\"canonical\" href=\"https:\/\/homolog.abrilhantarconteudo.com.br\/corner\/2021\/06\/15\/pane-eletrica-em-area-corporativa\/\" \/>\n<meta property=\"og:locale\" content=\"pt_BR\" \/>\n<meta property=\"og:type\" content=\"article\" \/>\n<meta property=\"og:title\" content=\"Pane el\u00e9trica em \u00e1rea corporativa - Corner Energia\" \/>\n<meta property=\"og:description\" content=\"Qual o tamanho do preju\u00edzo se uma pane el\u00e9trica queimar os equipamentos da empresa? Com o atual cen\u00e1rio econ\u00f4mico, decorrente da pandemia, muitas empresas est\u00e3o eliminando ou postergando a contrata\u00e7\u00e3o de servi\u00e7os internos na tentativa de reduzir despesas, e acabam pagando caro por isso. O fato \u00e9 que existem servi\u00e7os que s\u00e3o essenciais ao funcionamento [&hellip;]\" \/>\n<meta property=\"og:url\" content=\"https:\/\/homolog.abrilhantarconteudo.com.br\/corner\/2021\/06\/15\/pane-eletrica-em-area-corporativa\/\" \/>\n<meta property=\"og:site_name\" content=\"Corner Energia\" \/>\n<meta property=\"article:published_time\" content=\"2021-06-16T02:06:00+00:00\" \/>\n<meta property=\"article:modified_time\" content=\"2022-02-15T02:08:30+00:00\" \/>\n<meta name=\"author\" content=\"Joana Kerr\" \/>\n<meta name=\"twitter:card\" content=\"summary_large_image\" \/>\n<meta name=\"twitter:label1\" content=\"Escrito por\" \/>\n\t<meta name=\"twitter:data1\" content=\"Joana Kerr\" \/>\n\t<meta name=\"twitter:label2\" content=\"Est. tempo de leitura\" \/>\n\t<meta name=\"twitter:data2\" content=\"1 minuto\" \/>\n<script type=\"application\/ld+json\" class=\"yoast-schema-graph\">{\"@context\":\"https:\/\/schema.org\",\"@graph\":[{\"@type\":\"Article\",\"@id\":\"https:\/\/homolog.abrilhantarconteudo.com.br\/corner\/2021\/06\/15\/pane-eletrica-em-area-corporativa\/#article\",\"isPartOf\":{\"@id\":\"https:\/\/homolog.abrilhantarconteudo.com.br\/corner\/2021\/06\/15\/pane-eletrica-em-area-corporativa\/\"},\"author\":{\"name\":\"Joana Kerr\",\"@id\":\"https:\/\/homolog.abrilhantarconteudo.com.br\/corner\/#\/schema\/person\/f403fb6272dce12939d29b85d6c86926\"},\"headline\":\"Pane el\u00e9trica em \u00e1rea corporativa\",\"datePublished\":\"2021-06-16T02:06:00+00:00\",\"dateModified\":\"2022-02-15T02:08:30+00:00\",\"mainEntityOfPage\":{\"@id\":\"https:\/\/homolog.abrilhantarconteudo.com.br\/corner\/2021\/06\/15\/pane-eletrica-em-area-corporativa\/\"},\"wordCount\":207,\"commentCount\":0,\"publisher\":{\"@id\":\"https:\/\/homolog.abrilhantarconteudo.com.br\/corner\/#organization\"},\"inLanguage\":\"pt-BR\",\"potentialAction\":[{\"@type\":\"CommentAction\",\"name\":\"Comment\",\"target\":[\"https:\/\/homolog.abrilhantarconteudo.com.br\/corner\/2021\/06\/15\/pane-eletrica-em-area-corporativa\/#respond\"]}]},{\"@type\":\"WebPage\",\"@id\":\"https:\/\/homolog.abrilhantarconteudo.com.br\/corner\/2021\/06\/15\/pane-eletrica-em-area-corporativa\/\",\"url\":\"https:\/\/homolog.abrilhantarconteudo.com.br\/corner\/2021\/06\/15\/pane-eletrica-em-area-corporativa\/\",\"name\":\"Pane el\u00e9trica em \u00e1rea corporativa - Corner Energia\",\"isPartOf\":{\"@id\":\"https:\/\/homolog.abrilhantarconteudo.com.br\/corner\/#website\"},\"datePublished\":\"2021-06-16T02:06:00+00:00\",\"dateModified\":\"2022-02-15T02:08:30+00:00\",\"breadcrumb\":{\"@id\":\"https:\/\/homolog.abrilhantarconteudo.com.br\/corner\/2021\/06\/15\/pane-eletrica-em-area-corporativa\/#breadcrumb\"},\"inLanguage\":\"pt-BR\",\"potentialAction\":[{\"@type\":\"ReadAction\",\"target\":[\"https:\/\/homolog.abrilhantarconteudo.com.br\/corner\/2021\/06\/15\/pane-eletrica-em-area-corporativa\/\"]}]},{\"@type\":\"BreadcrumbList\",\"@id\":\"https:\/\/homolog.abrilhantarconteudo.com.br\/corner\/2021\/06\/15\/pane-eletrica-em-area-corporativa\/#breadcrumb\",\"itemListElement\":[{\"@type\":\"ListItem\",\"position\":1,\"name\":\"In\u00edcio\",\"item\":\"https:\/\/homolog.abrilhantarconteudo.com.br\/corner\/\"},{\"@type\":\"ListItem\",\"position\":2,\"name\":\"Pane el\u00e9trica em \u00e1rea corporativa\"}]},{\"@type\":\"WebSite\",\"@id\":\"https:\/\/homolog.abrilhantarconteudo.com.br\/corner\/#website\",\"url\":\"https:\/\/homolog.abrilhantarconteudo.com.br\/corner\/\",\"name\":\"Corner Energia\",\"description\":\"S\u00f3 mais um site WordPress\",\"publisher\":{\"@id\":\"https:\/\/homolog.abrilhantarconteudo.com.br\/corner\/#organization\"},\"potentialAction\":[{\"@type\":\"SearchAction\",\"target\":{\"@type\":\"EntryPoint\",\"urlTemplate\":\"https:\/\/homolog.abrilhantarconteudo.com.br\/corner\/?s={search_term_string}\"},\"query-input\":{\"@type\":\"PropertyValueSpecification\",\"valueRequired\":true,\"valueName\":\"search_term_string\"}}],\"inLanguage\":\"pt-BR\"},{\"@type\":\"Organization\",\"@id\":\"https:\/\/homolog.abrilhantarconteudo.com.br\/corner\/#organization\",\"name\":\"Corner Energia\",\"url\":\"https:\/\/homolog.abrilhantarconteudo.com.br\/corner\/\",\"logo\":{\"@type\":\"ImageObject\",\"inLanguage\":\"pt-BR\",\"@id\":\"https:\/\/homolog.abrilhantarconteudo.com.br\/corner\/#\/schema\/logo\/image\/\",\"url\":\"https:\/\/homolog.abrilhantarconteudo.com.br\/corner\/wp-content\/uploads\/2022\/03\/cropped-LOGO-CORNER-ENERGIA.png\",\"contentUrl\":\"https:\/\/homolog.abrilhantarconteudo.com.br\/corner\/wp-content\/uploads\/2022\/03\/cropped-LOGO-CORNER-ENERGIA.png\",\"width\":4721,\"height\":1539,\"caption\":\"Corner Energia\"},\"image\":{\"@id\":\"https:\/\/homolog.abrilhantarconteudo.com.br\/corner\/#\/schema\/logo\/image\/\"}},{\"@type\":\"Person\",\"@id\":\"https:\/\/homolog.abrilhantarconteudo.com.br\/corner\/#\/schema\/person\/f403fb6272dce12939d29b85d6c86926\",\"name\":\"Joana Kerr\",\"image\":{\"@type\":\"ImageObject\",\"inLanguage\":\"pt-BR\",\"@id\":\"https:\/\/homolog.abrilhantarconteudo.com.br\/corner\/#\/schema\/person\/image\/\",\"url\":\"https:\/\/secure.gravatar.com\/avatar\/b4a526375fb3cb2493fccd42d0f119ac?s=96&d=mm&r=g\",\"contentUrl\":\"https:\/\/secure.gravatar.com\/avatar\/b4a526375fb3cb2493fccd42d0f119ac?s=96&d=mm&r=g\",\"caption\":\"Joana Kerr\"},\"sameAs\":[\"http:\/\/homolog.abrilhantarconteudo.com.br\/corner\"],\"url\":\"https:\/\/homolog.abrilhantarconteudo.com.br\/corner\/author\/joanakerr\/\"}]}<\/script>\n<!-- \/ Yoast SEO plugin. -->","yoast_head_json":{"title":"Pane el\u00e9trica em \u00e1rea corporativa - Corner Energia","robots":{"index":"index","follow":"follow","max-snippet":"max-snippet:-1","max-image-preview":"max-image-preview:large","max-video-preview":"max-video-preview:-1"},"canonical":"https:\/\/homolog.abrilhantarconteudo.com.br\/corner\/2021\/06\/15\/pane-eletrica-em-area-corporativa\/","og_locale":"pt_BR","og_type":"article","og_title":"Pane el\u00e9trica em \u00e1rea corporativa - Corner Energia","og_description":"Qual o tamanho do preju\u00edzo se uma pane el\u00e9trica queimar os equipamentos da empresa? Com o atual cen\u00e1rio econ\u00f4mico, decorrente da pandemia, muitas empresas est\u00e3o eliminando ou postergando a contrata\u00e7\u00e3o de servi\u00e7os internos na tentativa de reduzir despesas, e acabam pagando caro por isso. O fato \u00e9 que existem servi\u00e7os que s\u00e3o essenciais ao funcionamento [&hellip;]","og_url":"https:\/\/homolog.abrilhantarconteudo.com.br\/corner\/2021\/06\/15\/pane-eletrica-em-area-corporativa\/","og_site_name":"Corner Energia","article_published_time":"2021-06-16T02:06:00+00:00","article_modified_time":"2022-02-15T02:08:30+00:00","author":"Joana Kerr","twitter_card":"summary_large_image","twitter_misc":{"Escrito por":"Joana Kerr","Est. tempo de leitura":"1 minuto"},"schema":{"@context":"https:\/\/schema.org","@graph":[{"@type":"Article","@id":"https:\/\/homolog.abrilhantarconteudo.com.br\/corner\/2021\/06\/15\/pane-eletrica-em-area-corporativa\/#article","isPartOf":{"@id":"https:\/\/homolog.abrilhantarconteudo.com.br\/corner\/2021\/06\/15\/pane-eletrica-em-area-corporativa\/"},"author":{"name":"Joana Kerr","@id":"https:\/\/homolog.abrilhantarconteudo.com.br\/corner\/#\/schema\/person\/f403fb6272dce12939d29b85d6c86926"},"headline":"Pane el\u00e9trica em \u00e1rea corporativa","datePublished":"2021-06-16T02:06:00+00:00","dateModified":"2022-02-15T02:08:30+00:00","mainEntityOfPage":{"@id":"https:\/\/homolog.abrilhantarconteudo.com.br\/corner\/2021\/06\/15\/pane-eletrica-em-area-corporativa\/"},"wordCount":207,"commentCount":0,"publisher":{"@id":"https:\/\/homolog.abrilhantarconteudo.com.br\/corner\/#organization"},"inLanguage":"pt-BR","potentialAction":[{"@type":"CommentAction","name":"Comment","target":["https:\/\/homolog.abrilhantarconteudo.com.br\/corner\/2021\/06\/15\/pane-eletrica-em-area-corporativa\/#respond"]}]},{"@type":"WebPage","@id":"https:\/\/homolog.abrilhantarconteudo.com.br\/corner\/2021\/06\/15\/pane-eletrica-em-area-corporativa\/","url":"https:\/\/homolog.abrilhantarconteudo.com.br\/corner\/2021\/06\/15\/pane-eletrica-em-area-corporativa\/","name":"Pane el\u00e9trica em \u00e1rea corporativa - Corner Energia","isPartOf":{"@id":"https:\/\/homolog.abrilhantarconteudo.com.br\/corner\/#website"},"datePublished":"2021-06-16T02:06:00+00:00","dateModified":"2022-02-15T02:08:30+00:00","breadcrumb":{"@id":"https:\/\/homolog.abrilhantarconteudo.com.br\/corner\/2021\/06\/15\/pane-eletrica-em-area-corporativa\/#breadcrumb"},"inLanguage":"pt-BR","potentialAction":[{"@type":"ReadAction","target":["https:\/\/homolog.abrilhantarconteudo.com.br\/corner\/2021\/06\/15\/pane-eletrica-em-area-corporativa\/"]}]},{"@type":"BreadcrumbList","@id":"https:\/\/homolog.abrilhantarconteudo.com.br\/corner\/2021\/06\/15\/pane-eletrica-em-area-corporativa\/#breadcrumb","itemListElement":[{"@type":"ListItem","position":1,"name":"In\u00edcio","item":"https:\/\/homolog.abrilhantarconteudo.com.br\/corner\/"},{"@type":"ListItem","position":2,"name":"Pane el\u00e9trica em \u00e1rea corporativa"}]},{"@type":"WebSite","@id":"https:\/\/homolog.abrilhantarconteudo.com.br\/corner\/#website","url":"https:\/\/homolog.abrilhantarconteudo.com.br\/corner\/","name":"Corner Energia","description":"S\u00f3 mais um site WordPress","publisher":{"@id":"https:\/\/homolog.abrilhantarconteudo.com.br\/corner\/#organization"},"potentialAction":[{"@type":"SearchAction","target":{"@type":"EntryPoint","urlTemplate":"https:\/\/homolog.abrilhantarconteudo.com.br\/corner\/?s={search_term_string}"},"query-input":{"@type":"PropertyValueSpecification","valueRequired":true,"valueName":"search_term_string"}}],"inLanguage":"pt-BR"},{"@type":"Organization","@id":"https:\/\/homolog.abrilhantarconteudo.com.br\/corner\/#organization","name":"Corner Energia","url":"https:\/\/homolog.abrilhantarconteudo.com.br\/corner\/","logo":{"@type":"ImageObject","inLanguage":"pt-BR","@id":"https:\/\/homolog.abrilhantarconteudo.com.br\/corner\/#\/schema\/logo\/image\/","url":"https:\/\/homolog.abrilhantarconteudo.com.br\/corner\/wp-content\/uploads\/2022\/03\/cropped-LOGO-CORNER-ENERGIA.png","contentUrl":"https:\/\/homolog.abrilhantarconteudo.com.br\/corner\/wp-content\/uploads\/2022\/03\/cropped-LOGO-CORNER-ENERGIA.png","width":4721,"height":1539,"caption":"Corner Energia"},"image":{"@id":"https:\/\/homolog.abrilhantarconteudo.com.br\/corner\/#\/schema\/logo\/image\/"}},{"@type":"Person","@id":"https:\/\/homolog.abrilhantarconteudo.com.br\/corner\/#\/schema\/person\/f403fb6272dce12939d29b85d6c86926","name":"Joana Kerr","image":{"@type":"ImageObject","inLanguage":"pt-BR","@id":"https:\/\/homolog.abrilhantarconteudo.com.br\/corner\/#\/schema\/person\/image\/","url":"https:\/\/secure.gravatar.com\/avatar\/b4a526375fb3cb2493fccd42d0f119ac?s=96&d=mm&r=g","contentUrl":"https:\/\/secure.gravatar.com\/avatar\/b4a526375fb3cb2493fccd42d0f119ac?s=96&d=mm&r=g","caption":"Joana Kerr"},"sameAs":["http:\/\/homolog.abrilhantarconteudo.com.br\/corner"],"url":"https:\/\/homolog.abrilhantarconteudo.com.br\/corner\/author\/joanakerr\/"}]}},"_links":{"self":[{"href":"https:\/\/homolog.abrilhantarconteudo.com.br\/corner\/wp-json\/wp\/v2\/posts\/330"}],"collection":[{"href":"https:\/\/homolog.abrilhantarconteudo.com.br\/corner\/wp-json\/wp\/v2\/posts"}],"about":[{"href":"https:\/\/homolog.abrilhantarconteudo.com.br\/corner\/wp-json\/wp\/v2\/types\/post"}],"author":[{"embeddable":true,"href":"https:\/\/homolog.abrilhantarconteudo.com.br\/corner\/wp-json\/wp\/v2\/users\/1"}],"replies":[{"embeddable":true,"href":"https:\/\/homolog.abrilhantarconteudo.com.br\/corner\/wp-json\/wp\/v2\/comments?post=330"}],"version-history":[{"count":1,"href":"https:\/\/homolog.abrilhantarconteudo.com.br\/corner\/wp-json\/wp\/v2\/posts\/330\/revisions"}],"predecessor-version":[{"id":332,"href":"https:\/\/homolog.abrilhantarconteudo.com.br\/corner\/wp-json\/wp\/v2\/posts\/330\/revisions\/332"}],"wp:attachment":[{"href":"https:\/\/homolog.abrilhantarconteudo.com.br\/corner\/wp-json\/wp\/v2\/media?parent=330"}],"wp:term":[{"taxonomy":"category","embeddable":true,"href":"https:\/\/homolog.abrilhantarconteudo.com.br\/corner\/wp-json\/wp\/v2\/categories?post=330"},{"taxonomy":"post_tag","embeddable":true,"href":"https:\/\/homolog.abrilhantarconteudo.com.br\/corner\/wp-json\/wp\/v2\/tags?post=330"}],"curies":[{"name":"wp","href":"https:\/\/api.w.org\/{rel}","templated":true}]}}