{"id":346,"date":"2021-10-15T23:43:00","date_gmt":"2021-10-16T02:43:00","guid":{"rendered":"http:\/\/homolog.abrilhantarconteudo.com.br\/corner\/?p=346"},"modified":"2022-02-14T23:47:03","modified_gmt":"2022-02-15T02:47:03","slug":"curto-circuito-em-camara-de-refrigeracao","status":"publish","type":"post","link":"https:\/\/homolog.abrilhantarconteudo.com.br\/corner\/2021\/10\/15\/curto-circuito-em-camara-de-refrigeracao\/","title":{"rendered":"Curto-circuito em c\u00e2mara de refrigera\u00e7\u00e3o"},"content":{"rendered":"\n<p><strong>A c\u00e2mara de refrigera\u00e7\u00e3o do estabelecimento pode pegar fogo!<\/strong><\/p>\n\n\n\n<p>Estabelecimentos comerciais do setor aliment\u00edcio costumam ter instala\u00e7\u00f5es el\u00e9tricas de\u00a0<strong>m\u00e9dia<\/strong>\u00a0tens\u00e3o, devido aos setores de refrigera\u00e7\u00e3o, e precisam de monitoramento constante para garantir a seguran\u00e7a das pessoas e a efici\u00eancia energ\u00e9tica. Um eventual problema no painel el\u00e9trico ou falha no arco el\u00e9trico, por exemplo, pode gerar graves acidentes e extensas paradas n\u00e3o programadas.<br><br>N\u00e3o \u00e9 raro acontecer curtos-circuitos dessa natureza em tais ambientes, provocando gastos com a remo\u00e7\u00e3o de mercadorias, aquisi\u00e7\u00e3o de novos materiais, servi\u00e7os de reparo em equipamentos e manuten\u00e7\u00e3o corretiva das instala\u00e7\u00f5es el\u00e9tricas, que poderiam ter sido evitados se tivesse sido realizada a manuten\u00e7\u00e3o preventiva anteriormente.<br><br>Ent\u00e3o n\u00e3o espere o pior para pensar no que poderia ter sido feito! Fa\u00e7a uma auditoria el\u00e9trica e estabele\u00e7a uma rotina de monitoramento para garantir a seguran\u00e7a dos seus clientes e funcion\u00e1rios, bem como evitar transtornos e preju\u00edzos para o neg\u00f3cio.<\/p>\n","protected":false},"excerpt":{"rendered":"<p>A c\u00e2mara de refrigera\u00e7\u00e3o do estabelecimento pode pegar fogo! Estabelecimentos comerciais do setor aliment\u00edcio costumam ter instala\u00e7\u00f5es el\u00e9tricas de\u00a0m\u00e9dia\u00a0tens\u00e3o, devido aos setores de refrigera\u00e7\u00e3o, e precisam de monitoramento constante para garantir a seguran\u00e7a das pessoas e a efici\u00eancia energ\u00e9tica. Um eventual problema no painel el\u00e9trico ou falha no arco el\u00e9trico, por exemplo, pode gerar graves [&hellip;]<\/p>\n","protected":false},"author":1,"featured_media":0,"comment_status":"open","ping_status":"open","sticky":false,"template":"","format":"standard","meta":{"footnotes":""},"categories":[1],"tags":[],"yoast_head":"<!-- This site is optimized with the Yoast SEO plugin v24.5 - https:\/\/yoast.com\/wordpress\/plugins\/seo\/ -->\n<title>Curto-circuito em c\u00e2mara de refrigera\u00e7\u00e3o - Corner Energia<\/title>\n<meta name=\"robots\" content=\"index, follow, max-snippet:-1, max-image-preview:large, max-video-preview:-1\" \/>\n<link rel=\"canonical\" href=\"https:\/\/homolog.abrilhantarconteudo.com.br\/corner\/2021\/10\/15\/curto-circuito-em-camara-de-refrigeracao\/\" \/>\n<meta property=\"og:locale\" content=\"pt_BR\" \/>\n<meta property=\"og:type\" content=\"article\" \/>\n<meta property=\"og:title\" content=\"Curto-circuito em c\u00e2mara de refrigera\u00e7\u00e3o - Corner Energia\" \/>\n<meta property=\"og:description\" content=\"A c\u00e2mara de refrigera\u00e7\u00e3o do estabelecimento pode pegar fogo! Estabelecimentos comerciais do setor aliment\u00edcio costumam ter instala\u00e7\u00f5es el\u00e9tricas de\u00a0m\u00e9dia\u00a0tens\u00e3o, devido aos setores de refrigera\u00e7\u00e3o, e precisam de monitoramento constante para garantir a seguran\u00e7a das pessoas e a efici\u00eancia energ\u00e9tica. Um eventual problema no painel el\u00e9trico ou falha no arco el\u00e9trico, por exemplo, pode gerar graves [&hellip;]\" \/>\n<meta property=\"og:url\" content=\"https:\/\/homolog.abrilhantarconteudo.com.br\/corner\/2021\/10\/15\/curto-circuito-em-camara-de-refrigeracao\/\" \/>\n<meta property=\"og:site_name\" content=\"Corner Energia\" \/>\n<meta property=\"article:published_time\" content=\"2021-10-16T02:43:00+00:00\" \/>\n<meta property=\"article:modified_time\" content=\"2022-02-15T02:47:03+00:00\" \/>\n<meta name=\"author\" content=\"Joana Kerr\" \/>\n<meta name=\"twitter:card\" content=\"summary_large_image\" \/>\n<meta name=\"twitter:label1\" content=\"Escrito por\" \/>\n\t<meta name=\"twitter:data1\" content=\"Joana Kerr\" \/>\n\t<meta name=\"twitter:label2\" content=\"Est. tempo de leitura\" \/>\n\t<meta name=\"twitter:data2\" content=\"1 minuto\" \/>\n<script type=\"application\/ld+json\" class=\"yoast-schema-graph\">{\"@context\":\"https:\/\/schema.org\",\"@graph\":[{\"@type\":\"Article\",\"@id\":\"https:\/\/homolog.abrilhantarconteudo.com.br\/corner\/2021\/10\/15\/curto-circuito-em-camara-de-refrigeracao\/#article\",\"isPartOf\":{\"@id\":\"https:\/\/homolog.abrilhantarconteudo.com.br\/corner\/2021\/10\/15\/curto-circuito-em-camara-de-refrigeracao\/\"},\"author\":{\"name\":\"Joana Kerr\",\"@id\":\"https:\/\/homolog.abrilhantarconteudo.com.br\/corner\/#\/schema\/person\/f403fb6272dce12939d29b85d6c86926\"},\"headline\":\"Curto-circuito em c\u00e2mara de refrigera\u00e7\u00e3o\",\"datePublished\":\"2021-10-16T02:43:00+00:00\",\"dateModified\":\"2022-02-15T02:47:03+00:00\",\"mainEntityOfPage\":{\"@id\":\"https:\/\/homolog.abrilhantarconteudo.com.br\/corner\/2021\/10\/15\/curto-circuito-em-camara-de-refrigeracao\/\"},\"wordCount\":186,\"commentCount\":0,\"publisher\":{\"@id\":\"https:\/\/homolog.abrilhantarconteudo.com.br\/corner\/#organization\"},\"inLanguage\":\"pt-BR\",\"potentialAction\":[{\"@type\":\"CommentAction\",\"name\":\"Comment\",\"target\":[\"https:\/\/homolog.abrilhantarconteudo.com.br\/corner\/2021\/10\/15\/curto-circuito-em-camara-de-refrigeracao\/#respond\"]}]},{\"@type\":\"WebPage\",\"@id\":\"https:\/\/homolog.abrilhantarconteudo.com.br\/corner\/2021\/10\/15\/curto-circuito-em-camara-de-refrigeracao\/\",\"url\":\"https:\/\/homolog.abrilhantarconteudo.com.br\/corner\/2021\/10\/15\/curto-circuito-em-camara-de-refrigeracao\/\",\"name\":\"Curto-circuito em c\u00e2mara de refrigera\u00e7\u00e3o - Corner Energia\",\"isPartOf\":{\"@id\":\"https:\/\/homolog.abrilhantarconteudo.com.br\/corner\/#website\"},\"datePublished\":\"2021-10-16T02:43:00+00:00\",\"dateModified\":\"2022-02-15T02:47:03+00:00\",\"breadcrumb\":{\"@id\":\"https:\/\/homolog.abrilhantarconteudo.com.br\/corner\/2021\/10\/15\/curto-circuito-em-camara-de-refrigeracao\/#breadcrumb\"},\"inLanguage\":\"pt-BR\",\"potentialAction\":[{\"@type\":\"ReadAction\",\"target\":[\"https:\/\/homolog.abrilhantarconteudo.com.br\/corner\/2021\/10\/15\/curto-circuito-em-camara-de-refrigeracao\/\"]}]},{\"@type\":\"BreadcrumbList\",\"@id\":\"https:\/\/homolog.abrilhantarconteudo.com.br\/corner\/2021\/10\/15\/curto-circuito-em-camara-de-refrigeracao\/#breadcrumb\",\"itemListElement\":[{\"@type\":\"ListItem\",\"position\":1,\"name\":\"In\u00edcio\",\"item\":\"https:\/\/homolog.abrilhantarconteudo.com.br\/corner\/\"},{\"@type\":\"ListItem\",\"position\":2,\"name\":\"Curto-circuito em c\u00e2mara de refrigera\u00e7\u00e3o\"}]},{\"@type\":\"WebSite\",\"@id\":\"https:\/\/homolog.abrilhantarconteudo.com.br\/corner\/#website\",\"url\":\"https:\/\/homolog.abrilhantarconteudo.com.br\/corner\/\",\"name\":\"Corner Energia\",\"description\":\"S\u00f3 mais um site WordPress\",\"publisher\":{\"@id\":\"https:\/\/homolog.abrilhantarconteudo.com.br\/corner\/#organization\"},\"potentialAction\":[{\"@type\":\"SearchAction\",\"target\":{\"@type\":\"EntryPoint\",\"urlTemplate\":\"https:\/\/homolog.abrilhantarconteudo.com.br\/corner\/?s={search_term_string}\"},\"query-input\":{\"@type\":\"PropertyValueSpecification\",\"valueRequired\":true,\"valueName\":\"search_term_string\"}}],\"inLanguage\":\"pt-BR\"},{\"@type\":\"Organization\",\"@id\":\"https:\/\/homolog.abrilhantarconteudo.com.br\/corner\/#organization\",\"name\":\"Corner Energia\",\"url\":\"https:\/\/homolog.abrilhantarconteudo.com.br\/corner\/\",\"logo\":{\"@type\":\"ImageObject\",\"inLanguage\":\"pt-BR\",\"@id\":\"https:\/\/homolog.abrilhantarconteudo.com.br\/corner\/#\/schema\/logo\/image\/\",\"url\":\"https:\/\/homolog.abrilhantarconteudo.com.br\/corner\/wp-content\/uploads\/2022\/03\/cropped-LOGO-CORNER-ENERGIA.png\",\"contentUrl\":\"https:\/\/homolog.abrilhantarconteudo.com.br\/corner\/wp-content\/uploads\/2022\/03\/cropped-LOGO-CORNER-ENERGIA.png\",\"width\":4721,\"height\":1539,\"caption\":\"Corner Energia\"},\"image\":{\"@id\":\"https:\/\/homolog.abrilhantarconteudo.com.br\/corner\/#\/schema\/logo\/image\/\"}},{\"@type\":\"Person\",\"@id\":\"https:\/\/homolog.abrilhantarconteudo.com.br\/corner\/#\/schema\/person\/f403fb6272dce12939d29b85d6c86926\",\"name\":\"Joana Kerr\",\"image\":{\"@type\":\"ImageObject\",\"inLanguage\":\"pt-BR\",\"@id\":\"https:\/\/homolog.abrilhantarconteudo.com.br\/corner\/#\/schema\/person\/image\/\",\"url\":\"https:\/\/secure.gravatar.com\/avatar\/b4a526375fb3cb2493fccd42d0f119ac?s=96&d=mm&r=g\",\"contentUrl\":\"https:\/\/secure.gravatar.com\/avatar\/b4a526375fb3cb2493fccd42d0f119ac?s=96&d=mm&r=g\",\"caption\":\"Joana Kerr\"},\"sameAs\":[\"http:\/\/homolog.abrilhantarconteudo.com.br\/corner\"],\"url\":\"https:\/\/homolog.abrilhantarconteudo.com.br\/corner\/author\/joanakerr\/\"}]}<\/script>\n<!-- \/ Yoast SEO plugin. -->","yoast_head_json":{"title":"Curto-circuito em c\u00e2mara de refrigera\u00e7\u00e3o - Corner Energia","robots":{"index":"index","follow":"follow","max-snippet":"max-snippet:-1","max-image-preview":"max-image-preview:large","max-video-preview":"max-video-preview:-1"},"canonical":"https:\/\/homolog.abrilhantarconteudo.com.br\/corner\/2021\/10\/15\/curto-circuito-em-camara-de-refrigeracao\/","og_locale":"pt_BR","og_type":"article","og_title":"Curto-circuito em c\u00e2mara de refrigera\u00e7\u00e3o - Corner Energia","og_description":"A c\u00e2mara de refrigera\u00e7\u00e3o do estabelecimento pode pegar fogo! Estabelecimentos comerciais do setor aliment\u00edcio costumam ter instala\u00e7\u00f5es el\u00e9tricas de\u00a0m\u00e9dia\u00a0tens\u00e3o, devido aos setores de refrigera\u00e7\u00e3o, e precisam de monitoramento constante para garantir a seguran\u00e7a das pessoas e a efici\u00eancia energ\u00e9tica. Um eventual problema no painel el\u00e9trico ou falha no arco el\u00e9trico, por exemplo, pode gerar graves [&hellip;]","og_url":"https:\/\/homolog.abrilhantarconteudo.com.br\/corner\/2021\/10\/15\/curto-circuito-em-camara-de-refrigeracao\/","og_site_name":"Corner Energia","article_published_time":"2021-10-16T02:43:00+00:00","article_modified_time":"2022-02-15T02:47:03+00:00","author":"Joana Kerr","twitter_card":"summary_large_image","twitter_misc":{"Escrito por":"Joana Kerr","Est. tempo de leitura":"1 minuto"},"schema":{"@context":"https:\/\/schema.org","@graph":[{"@type":"Article","@id":"https:\/\/homolog.abrilhantarconteudo.com.br\/corner\/2021\/10\/15\/curto-circuito-em-camara-de-refrigeracao\/#article","isPartOf":{"@id":"https:\/\/homolog.abrilhantarconteudo.com.br\/corner\/2021\/10\/15\/curto-circuito-em-camara-de-refrigeracao\/"},"author":{"name":"Joana Kerr","@id":"https:\/\/homolog.abrilhantarconteudo.com.br\/corner\/#\/schema\/person\/f403fb6272dce12939d29b85d6c86926"},"headline":"Curto-circuito em c\u00e2mara de refrigera\u00e7\u00e3o","datePublished":"2021-10-16T02:43:00+00:00","dateModified":"2022-02-15T02:47:03+00:00","mainEntityOfPage":{"@id":"https:\/\/homolog.abrilhantarconteudo.com.br\/corner\/2021\/10\/15\/curto-circuito-em-camara-de-refrigeracao\/"},"wordCount":186,"commentCount":0,"publisher":{"@id":"https:\/\/homolog.abrilhantarconteudo.com.br\/corner\/#organization"},"inLanguage":"pt-BR","potentialAction":[{"@type":"CommentAction","name":"Comment","target":["https:\/\/homolog.abrilhantarconteudo.com.br\/corner\/2021\/10\/15\/curto-circuito-em-camara-de-refrigeracao\/#respond"]}]},{"@type":"WebPage","@id":"https:\/\/homolog.abrilhantarconteudo.com.br\/corner\/2021\/10\/15\/curto-circuito-em-camara-de-refrigeracao\/","url":"https:\/\/homolog.abrilhantarconteudo.com.br\/corner\/2021\/10\/15\/curto-circuito-em-camara-de-refrigeracao\/","name":"Curto-circuito em c\u00e2mara de refrigera\u00e7\u00e3o - Corner Energia","isPartOf":{"@id":"https:\/\/homolog.abrilhantarconteudo.com.br\/corner\/#website"},"datePublished":"2021-10-16T02:43:00+00:00","dateModified":"2022-02-15T02:47:03+00:00","breadcrumb":{"@id":"https:\/\/homolog.abrilhantarconteudo.com.br\/corner\/2021\/10\/15\/curto-circuito-em-camara-de-refrigeracao\/#breadcrumb"},"inLanguage":"pt-BR","potentialAction":[{"@type":"ReadAction","target":["https:\/\/homolog.abrilhantarconteudo.com.br\/corner\/2021\/10\/15\/curto-circuito-em-camara-de-refrigeracao\/"]}]},{"@type":"BreadcrumbList","@id":"https:\/\/homolog.abrilhantarconteudo.com.br\/corner\/2021\/10\/15\/curto-circuito-em-camara-de-refrigeracao\/#breadcrumb","itemListElement":[{"@type":"ListItem","position":1,"name":"In\u00edcio","item":"https:\/\/homolog.abrilhantarconteudo.com.br\/corner\/"},{"@type":"ListItem","position":2,"name":"Curto-circuito em c\u00e2mara de refrigera\u00e7\u00e3o"}]},{"@type":"WebSite","@id":"https:\/\/homolog.abrilhantarconteudo.com.br\/corner\/#website","url":"https:\/\/homolog.abrilhantarconteudo.com.br\/corner\/","name":"Corner Energia","description":"S\u00f3 mais um site WordPress","publisher":{"@id":"https:\/\/homolog.abrilhantarconteudo.com.br\/corner\/#organization"},"potentialAction":[{"@type":"SearchAction","target":{"@type":"EntryPoint","urlTemplate":"https:\/\/homolog.abrilhantarconteudo.com.br\/corner\/?s={search_term_string}"},"query-input":{"@type":"PropertyValueSpecification","valueRequired":true,"valueName":"search_term_string"}}],"inLanguage":"pt-BR"},{"@type":"Organization","@id":"https:\/\/homolog.abrilhantarconteudo.com.br\/corner\/#organization","name":"Corner Energia","url":"https:\/\/homolog.abrilhantarconteudo.com.br\/corner\/","logo":{"@type":"ImageObject","inLanguage":"pt-BR","@id":"https:\/\/homolog.abrilhantarconteudo.com.br\/corner\/#\/schema\/logo\/image\/","url":"https:\/\/homolog.abrilhantarconteudo.com.br\/corner\/wp-content\/uploads\/2022\/03\/cropped-LOGO-CORNER-ENERGIA.png","contentUrl":"https:\/\/homolog.abrilhantarconteudo.com.br\/corner\/wp-content\/uploads\/2022\/03\/cropped-LOGO-CORNER-ENERGIA.png","width":4721,"height":1539,"caption":"Corner Energia"},"image":{"@id":"https:\/\/homolog.abrilhantarconteudo.com.br\/corner\/#\/schema\/logo\/image\/"}},{"@type":"Person","@id":"https:\/\/homolog.abrilhantarconteudo.com.br\/corner\/#\/schema\/person\/f403fb6272dce12939d29b85d6c86926","name":"Joana Kerr","image":{"@type":"ImageObject","inLanguage":"pt-BR","@id":"https:\/\/homolog.abrilhantarconteudo.com.br\/corner\/#\/schema\/person\/image\/","url":"https:\/\/secure.gravatar.com\/avatar\/b4a526375fb3cb2493fccd42d0f119ac?s=96&d=mm&r=g","contentUrl":"https:\/\/secure.gravatar.com\/avatar\/b4a526375fb3cb2493fccd42d0f119ac?s=96&d=mm&r=g","caption":"Joana Kerr"},"sameAs":["http:\/\/homolog.abrilhantarconteudo.com.br\/corner"],"url":"https:\/\/homolog.abrilhantarconteudo.com.br\/corner\/author\/joanakerr\/"}]}},"_links":{"self":[{"href":"https:\/\/homolog.abrilhantarconteudo.com.br\/corner\/wp-json\/wp\/v2\/posts\/346"}],"collection":[{"href":"https:\/\/homolog.abrilhantarconteudo.com.br\/corner\/wp-json\/wp\/v2\/posts"}],"about":[{"href":"https:\/\/homolog.abrilhantarconteudo.com.br\/corner\/wp-json\/wp\/v2\/types\/post"}],"author":[{"embeddable":true,"href":"https:\/\/homolog.abrilhantarconteudo.com.br\/corner\/wp-json\/wp\/v2\/users\/1"}],"replies":[{"embeddable":true,"href":"https:\/\/homolog.abrilhantarconteudo.com.br\/corner\/wp-json\/wp\/v2\/comments?post=346"}],"version-history":[{"count":1,"href":"https:\/\/homolog.abrilhantarconteudo.com.br\/corner\/wp-json\/wp\/v2\/posts\/346\/revisions"}],"predecessor-version":[{"id":348,"href":"https:\/\/homolog.abrilhantarconteudo.com.br\/corner\/wp-json\/wp\/v2\/posts\/346\/revisions\/348"}],"wp:attachment":[{"href":"https:\/\/homolog.abrilhantarconteudo.com.br\/corner\/wp-json\/wp\/v2\/media?parent=346"}],"wp:term":[{"taxonomy":"category","embeddable":true,"href":"https:\/\/homolog.abrilhantarconteudo.com.br\/corner\/wp-json\/wp\/v2\/categories?post=346"},{"taxonomy":"post_tag","embeddable":true,"href":"https:\/\/homolog.abrilhantarconteudo.com.br\/corner\/wp-json\/wp\/v2\/tags?post=346"}],"curies":[{"name":"wp","href":"https:\/\/api.w.org\/{rel}","templated":true}]}}